{"id":3342,"date":"2026-02-13T15:39:07","date_gmt":"2026-02-13T19:39:07","guid":{"rendered":"https:\/\/www.marellecommunications.com\/?post_type=news&#038;p=3342"},"modified":"2026-02-13T15:46:01","modified_gmt":"2026-02-13T19:46:01","slug":"la-semaine-de-relache-prend-des-airs-de-cirque-au-complexe-desjardins","status":"publish","type":"news","link":"https:\/\/www.marellecommunications.com\/en\/news\/la-semaine-de-relache-prend-des-airs-de-cirque-au-complexe-desjardins\/","title":{"rendered":"La semaine de rel\u00e2che prend des airs de cirque au Complexe Desjardins"},"content":{"rendered":"<p>Du 1 er au 8 mars 2026, \u00e0 l\u2019occasion de la\u00a0<a href=\"https:\/\/complexedesjardins.com\/fr\/semaine-de-relache-2026\/?utm_source=RelationPresse&amp;utm_medium=Article&amp;utm_campaign=Campagne_semainederelache_2026&amp;utm_content=All\" target=\"_blank\" rel=\"noreferrer noopener\">semaine de rel\u00e2che<\/a>, la Grande-Place du Complexe Desjardins proposera aux enfants des activit\u00e9s gratuites inspir\u00e9es de l\u2019univers du cirque. Des ateliers d\u2019initiation, des parcours sportifs et des spectacles inviteront les jeunes \u00e0 bouger, \u00e0 relever des d\u00e9fis et \u00e0 s\u2019amuser.<br><br>Dans un contexte o\u00f9 les \u00e9v\u00e9nements se multiplient durant ce cong\u00e9 scolaire, le Complexe Desjardins se positionne comme un lieu phare accessible pour les familles \u00e0 Montr\u00e9al, gr\u00e2ce \u00e0 une offre vari\u00e9e, inclusive et rassembleuse.<br><br>\u00ab La semaine de rel\u00e2che est un moment privil\u00e9gi\u00e9 o\u00f9 les familles prennent le temps de se retrouver et de cr\u00e9er de pr\u00e9cieux souvenirs. Avec une programmation gratuite et immersive, le Complexe Desjardins souhaite offrir une sortie cl\u00e9s en main au c\u0153ur du centre\u2011ville. C\u2019est un rendez-vous familial qui saura plaire \u00e0 tout le monde ! \u00bb, souligne Marie-Pier Labarre, directrice marketing du Complexe Desjardins.<\/p>\n\n\n\n<p><strong>Des activit\u00e9s jeunesse inspir\u00e9es de l\u2019univers du cirque<\/strong><br><br>Tout au long de la semaine de rel\u00e2che, la Grande-Place du Complexe Desjardins s\u2019animera gr\u00e2ce \u00e0 des activit\u00e9s sportives et ludiques pour enfants, ax\u00e9es sur le mouvement, la coordination et l\u2019agilit\u00e9, avec une touche circassienne. Les jeunes pourront s\u2019initier \u00e0 certaines disciplines, notamment le cerceau a\u00e9rien, le hula-hoop et la sph\u00e8re a\u00e9rienne, dans un cadre s\u00e9curitaire et supervis\u00e9. Un parcours sportif les am\u00e8nera \u00e0 relever des d\u00e9fis tout en mettant \u00e0 l\u2019\u00e9preuve leur coordination et leur motricit\u00e9.<br><br>Des spectacles viendront compl\u00e9ter l\u2019exp\u00e9rience, en plus de maquillages \u00e9clairs pour les enfants. Les visiteurs et visiteuses pourront \u00e9galement profiter de balades en petit train, offertes au co\u00fbt de 3 $ par personne. Les autres activit\u00e9s sont gratuites et ouvertes \u00e0 tous et \u00e0 toutes.<\/p>\n\n\n\n<p><strong>Une sortie cl\u00e9s en main au c\u0153ur du centre-ville de Montr\u00e9al<\/strong><br><br>Facilement accessible, le Complexe Desjardins est situ\u00e9 \u00e0 proximit\u00e9 des stations de m\u00e9tro Place-des-Arts et Place-d\u2019Armes, avec un stationnement sur place et un acc\u00e8s direct au r\u00e9seau pi\u00e9tonnier souterrain. Les familles pourront aussi profiter de la galerie commerciale pour faire des emplettes, ainsi que de l\u2019aire de restauration pour une pause repas.<br><br>Avec cette programmation sp\u00e9ciale pour la semaine de rel\u00e2che, le Complexe Desjardins r\u00e9affirme sa volont\u00e9 d\u2019\u00eatre un lieu central rassembleur et un espace de d\u00e9couvertes au centre-ville de Montr\u00e9al, en offrant une exp\u00e9rience m\u00e9morable, inclusive et divertissante.<\/p>","protected":false},"featured_media":3343,"template":"","meta":{"_acf_changed":false,"footnotes":""},"categories":[],"class_list":["post-3342","news","type-news","status-publish","has-post-thumbnail","hentry"],"acf":[],"_links":{"self":[{"href":"https:\/\/www.marellecommunications.com\/en\/wp-json\/wp\/v2\/news\/3342","targetHints":{"allow":["GET"]}}],"collection":[{"href":"https:\/\/www.marellecommunications.com\/en\/wp-json\/wp\/v2\/news"}],"about":[{"href":"https:\/\/www.marellecommunications.com\/en\/wp-json\/wp\/v2\/types\/news"}],"version-history":[{"count":2,"href":"https:\/\/www.marellecommunications.com\/en\/wp-json\/wp\/v2\/news\/3342\/revisions"}],"predecessor-version":[{"id":3346,"href":"https:\/\/www.marellecommunications.com\/en\/wp-json\/wp\/v2\/news\/3342\/revisions\/3346"}],"wp:featuredmedia":[{"embeddable":true,"href":"https:\/\/www.marellecommunications.com\/en\/wp-json\/wp\/v2\/media\/3343"}],"wp:attachment":[{"href":"https:\/\/www.marellecommunications.com\/en\/wp-json\/wp\/v2\/media?parent=3342"}],"wp:term":[{"taxonomy":"category","embeddable":true,"href":"https:\/\/www.marellecommunications.com\/en\/wp-json\/wp\/v2\/categories?post=3342"}],"curies":[{"name":"wp","href":"https:\/\/api.w.org\/{rel}","templated":true}]}}